{"id":3375,"date":"2024-09-10T14:49:56","date_gmt":"2024-09-10T12:49:56","guid":{"rendered":"https:\/\/www.madamevacances.com\/blog\/?p=3375"},"modified":"2025-01-21T14:43:09","modified_gmt":"2025-01-21T13:43:09","slug":"bol-dair-a-feclaz","status":"publish","type":"post","link":"https:\/\/www.madamevacances.com\/blog\/bol-dair-a-feclaz\/","title":{"rendered":"Evasion \u00e0 La F\u00e9claz, un week-end au grand air"},"content":{"rendered":"<p>Marre de la grisaille parisienne et de la pollution des villes, direction la montagne pour se retrouver en famille, avec mes parents et mes deux s\u0153urs, le temps d\u2019un week-end. Nous d\u00e9cidons de nous rendre \u00e0 <strong><a href=\"https:\/\/www.madamevacances.com\/locations\/france\/alpes-du-nord\/la-feclaz\/\">La F\u00e9claz<\/a><\/strong>. Cette station savoyarde, nomm\u00e9e aussi le \u00ab Petit Canada \u00bb, est nich\u00e9e \u00e0 1500 m d\u2019altitude dans le massif des Bauges, \u00e0 quelques kilom\u00e8tres de Chamb\u00e9ry.<\/p>\n<p>Loin de l\u2019effervescence des grandes stations, La F\u00e9claz est \u00e0 taille humaine et propose de nombreuses activit\u00e9s en plein air, parfait pour mes parents qui n\u2019appr\u00e9cient pas la foule ! Pour ne pas \u00eatre fatigu\u00e9s par la route et les bouchons, nous privil\u00e9gions le train jusqu\u2019\u00e0 Chamb\u00e9ry pour ensuite prendre le bus jusqu\u2019\u00e0 la station.<\/p>\n<p><img decoding=\"async\" loading=\"lazy\" class=\"aligncenter size-full wp-image-3380\" src=\"https:\/\/www.madamevacances.com\/blog\/wp-content\/uploads\/2017\/03\/FECLAZ-3-blog.jpg\" alt=\"\" width=\"960\" height=\"320\" srcset=\"https:\/\/www.madamevacances.com\/blog\/wp-content\/uploads\/2017\/03\/FECLAZ-3-blog.jpg 960w, https:\/\/www.madamevacances.com\/blog\/wp-content\/uploads\/2017\/03\/FECLAZ-3-blog-300x100.jpg 300w, https:\/\/www.madamevacances.com\/blog\/wp-content\/uploads\/2017\/03\/FECLAZ-3-blog-768x256.jpg 768w\" sizes=\"(max-width: 1920px) 92vw, (max-width: 1920px) 450px, (max-width: 1200px) 597px, 730px\" \/><\/p>\n<h2><strong>L\u2019Arriv\u00e9e<\/strong><\/h2>\n<p>Nous sommes arriv\u00e9s le vendredi dans la matin\u00e9e. Enfin l\u2019air pur de la montagne !<br \/>\nC\u2019est \u00e0 la r\u00e9sidence les <strong><a href=\"https:\/\/www.madamevacances.com\/locations\/france\/alpes-du-nord\/la-feclaz\/les-chalets-du-berger\/\">Chalets du Berger de Madame Vacances<\/a><\/strong>, situ\u00e9e au c\u0153ur du village et \u00e0 100 m des pistes de ski, que nous avons choisi de s\u00e9journer durant les 3 jours. Nous avons d\u00e9couvert un appartement chaleureux et confortable, agr\u00e9ablement am\u00e9nag\u00e9 avec son coin cuisine tout \u00e9quip\u00e9 et son balcon pour profiter du soleil tout en admirant les montagnes habill\u00e9es de conif\u00e8res. Pendant que mes parents d\u00e9ballaient leurs affaires, mes s\u0153urs et moi avons \u00e9t\u00e9 rep\u00e9rer l\u2019espace bien-\u00eatre de la r\u00e9sidence. Piscine couverte et sauna, Il y avait de quoi bien se d\u00e9tendre apr\u00e8s une dure journ\u00e9e d\u2019activit\u00e9s. Nous \u00e9tions ravies ! Alors que mon p\u00e8re \u00e9tait parti s\u2019occuper des forfaits et de la location de ski, de notre c\u00f4t\u00e9, nous avons d\u00e9cid\u00e9 de partir en rep\u00e9rage des diff\u00e9rents produits r\u00e9gionaux et restaurants pour nos futurs emplettes et repas.<\/p>\n<h2><strong>Un programme bien charg\u00e9 <\/strong><\/h2>\n<p>Pour se mettre en jambe, l&#8217;apr\u00e8s-midi ce fut ski alpin pour tout le monde ! <strong><a href=\"https:\/\/fr.wikipedia.org\/wiki\/Savoie_Grand_Revard#:~:text=Savoie%20Grand%20Revard%20est%20form%C3%A9,dans%20le%20massif%20des%20Bauges.&amp;text=Panneau%20de%20bienvenue%20sur%20le%20domaine%20%C3%A0%20La%20F%C3%A9claz.\">Le domaine Savoie Grand Revard<\/a><\/strong> est super. Avec ses 50km de pistes, il propose diff\u00e9rents niveaux de difficult\u00e9, skieurs d\u00e9butants ou chevronn\u00e9s trouvent leur bonheur et un coin enfant compl\u00e8te le tableau. Arriv\u00e9s sur le plateau du Grand Revard nous avons marqu\u00e9 une pause pour admirer la beaut\u00e9 de la vue. Puis mes s\u0153urs et moi avons d\u00e9val\u00e9 les pistes \u00e0 la recherche de sensations tandis que mes parents descendaient tranquillement en admirant le paysage. Chacun son rythme ! Apr\u00e8s quelques gamelles de ma grande s\u0153ur, l&#8217;heure de la fermeture des pistes a sonn\u00e9. Nous nous sommes h\u00e2t\u00e9s de rentrer pour profiter de la piscine et nous d\u00e9lasser en famille au sauna de la R\u00e9sidence Madame Vacances. Aaaah, rien de mieux apr\u00e8s une apr\u00e8s-midi sportive !<\/p>\n<p><img decoding=\"async\" loading=\"lazy\" class=\"aligncenter size-full wp-image-3382\" src=\"https:\/\/www.madamevacances.com\/blog\/wp-content\/uploads\/2017\/03\/FLECLAZ-4-blog.jpg\" alt=\"\" width=\"960\" height=\"320\" srcset=\"https:\/\/www.madamevacances.com\/blog\/wp-content\/uploads\/2017\/03\/FLECLAZ-4-blog.jpg 960w, https:\/\/www.madamevacances.com\/blog\/wp-content\/uploads\/2017\/03\/FLECLAZ-4-blog-300x100.jpg 300w, https:\/\/www.madamevacances.com\/blog\/wp-content\/uploads\/2017\/03\/FLECLAZ-4-blog-768x256.jpg 768w\" sizes=\"(max-width: 1920px) 92vw, (max-width: 1920px) 450px, (max-width: 1200px) 597px, 730px\" \/><\/p>\n<h3><strong>Samedi <\/strong><\/h3>\n<p>Ce jour l\u00e0, nous avons fait 2 \u00e9quipes :<\/p>\n<p>D\u2019un c\u00f4t\u00e9, ma grande s\u0153ur et ma m\u00e8re (les flemmardes) sont parties faire du ski-jo\u00ebring. C\u2019est une activit\u00e9 de glisse qui consiste \u00e0 se faire tirer par des chevaux le temps d\u2019une balade. Cela convenait tr\u00e8s bien \u00e0 ma m\u00e8re qui \u00e9tait toute courbatur\u00e9e et \u00e0 ma s\u0153ur \u00ab l\u2019amie des b\u00eates \u00bb.<\/p>\n<p>De l\u2019autre c\u00f4t\u00e9, mon p\u00e8re, ma petite s\u0153ur et moi (les sportifs) nous sommes laiss\u00e9s tenter par le ski nordique. On \u00e9tait quand m\u00eame sur l\u2019un des plus grands sites de France de la discipline, avec ses 140km de pistes de qualit\u00e9 qui jalonnent les for\u00eats de pins, \u00e7a aurait \u00e9t\u00e9 b\u00eate de ne pas en profiter.<\/p>\n<p>Apr\u00e8s un rapide passage \u00e0 notre appartement pour nous d\u00e9barbouiller, nous nous sommes retrouv\u00e9s pour diner dans un restaurant typique<strong>,<\/strong> autour de l\u2019incontournable fondue savoyarde. Miam ! Dans un cadre, chaleureux et convivial nous avons partag\u00e9 ce plat hivernal embl\u00e9matique de la r\u00e9gion, tout en se racontant nos impressions sur les activit\u00e9s de la journ\u00e9e. Ma m\u00e8re a trouv\u00e9 que \u00ab le ski tir\u00e9 par un cheval c\u2019est tout de m\u00eame moins fatiguant \u00bb, mon p\u00e8re a expliqu\u00e9 modestement comment \u00ab il a brill\u00e9 en ski de fond et que Martin Fourcade pouvait trembler \u00bb\u2026 Avec toutes ces histoires nous avons tenu quasiment jusqu&#8217;\u00e0 la fermeture du restaurant, il \u00e9tait donc l&#8217;heure d\u2019aller se coucher.<\/p>\n<h3><strong>Dimanche<\/strong><\/h3>\n<p>Dimanche ensoleill\u00e9, ce fut grande balade familiale et dernier bol d\u2019air. Le site de La F\u00e9claz est parcouru par de nombreux sentiers de randonn\u00e9e, de tous niveaux, bord\u00e9s par d\u2019immenses for\u00eats. Nous avons donc d\u00e9cid\u00e9 de monter au Sire et de rejoindre le Mont Kamuniak (1 558 m) et son belv\u00e9d\u00e8re \u00e0 360 degr\u00e9s pour y pique-niquer. Arriv\u00e9s en haut, la vue \u00e9tait \u00e0 couper le souffle ! Nous sommes rest\u00e9s silencieux face \u00e0 la tranquillit\u00e9 et \u00e0 la beaut\u00e9 des lieux. Apr\u00e8s ce moment de contemplation nous avons profit\u00e9 de ce cadre magnifique pour prendre une photo de famille. Avec ma petite s\u0153ur qui n\u2019aime pas les photos et mon p\u00e8re qui n\u2019arr\u00eate pas de bouger, ce n\u2019\u00e9tait pas gagn\u00e9 !<\/p>\n<p>La journ\u00e9e est pass\u00e9e \u00e0 une vitesse incroyable, il \u00e9tait d\u00e9j\u00e0 l&#8217;heure de redescendre vers la station, de prendre un dernier vin chaud et faire quelques emplettes avant de plier bagage\u2026 Ce fut un week-end familial pleins de rires et de partage : inoubliable !<\/p>\n<p>Si vous aussi vous souhaitez vous ressourcer en famille, r\u00e9servez votre <a href=\"https:\/\/www.madamevacances.com\/locations\/france\/alpes-du-nord\/la-feclaz\/chalets\/\" target=\"_blank\" rel=\"noopener\">location de chalet \u00e0 la F\u00e9claz<\/a> !<\/p>\n","protected":false},"excerpt":{"rendered":"<p>Marre de la grisaille parisienne et de la pollution des villes, direction la montagne pour se retrouver en famille, avec mes parents et mes deux s\u0153urs, le temps d\u2019un week-end. Nous d\u00e9cidons de nous rendre \u00e0 La F\u00e9claz. Cette station savoyarde, nomm\u00e9e aussi le \u00ab Petit Canada \u00bb, est nich\u00e9e \u00e0 1500 m d\u2019altitude dans &hellip; <\/p>\n<p class=\"link-more\"><a href=\"https:\/\/www.madamevacances.com\/blog\/bol-dair-a-feclaz\/\" class=\"more-link\">Continuer la lecture<span class=\"screen-reader-text\"> de &laquo;&nbsp;Evasion \u00e0 La F\u00e9claz, un week-end au grand air&nbsp;&raquo;<\/span><\/a><\/p>\n","protected":false},"author":1,"featured_media":3386,"comment_status":"open","ping_status":"open","sticky":false,"template":"","format":"standard","meta":{"_monsterinsights_skip_tracking":false,"_monsterinsights_sitenote_active":false,"_monsterinsights_sitenote_note":"","_monsterinsights_sitenote_category":0,"_links_to":"","_links_to_target":""},"categories":[183,169],"tags":[244,206,289,207,201,37,202,516,48,502],"_links":{"self":[{"href":"https:\/\/www.madamevacances.com\/blog\/wp-json\/wp\/v2\/posts\/3375"}],"collection":[{"href":"https:\/\/www.madamevacances.com\/blog\/wp-json\/wp\/v2\/posts"}],"about":[{"href":"https:\/\/www.madamevacances.com\/blog\/wp-json\/wp\/v2\/types\/post"}],"author":[{"embeddable":true,"href":"https:\/\/www.madamevacances.com\/blog\/wp-json\/wp\/v2\/users\/1"}],"replies":[{"embeddable":true,"href":"https:\/\/www.madamevacances.com\/blog\/wp-json\/wp\/v2\/comments?post=3375"}],"version-history":[{"count":14,"href":"https:\/\/www.madamevacances.com\/blog\/wp-json\/wp\/v2\/posts\/3375\/revisions"}],"predecessor-version":[{"id":6527,"href":"https:\/\/www.madamevacances.com\/blog\/wp-json\/wp\/v2\/posts\/3375\/revisions\/6527"}],"wp:featuredmedia":[{"embeddable":true,"href":"https:\/\/www.madamevacances.com\/blog\/wp-json\/wp\/v2\/media\/3386"}],"wp:attachment":[{"href":"https:\/\/www.madamevacances.com\/blog\/wp-json\/wp\/v2\/media?parent=3375"}],"wp:term":[{"taxonomy":"category","embeddable":true,"href":"https:\/\/www.madamevacances.com\/blog\/wp-json\/wp\/v2\/categories?post=3375"},{"taxonomy":"post_tag","embeddable":true,"href":"https:\/\/www.madamevacances.com\/blog\/wp-json\/wp\/v2\/tags?post=3375"}],"curies":[{"name":"wp","href":"https:\/\/api.w.org\/{rel}","templated":true}]}}