{"id":67,"date":"2016-06-07T16:02:02","date_gmt":"2016-06-07T14:02:02","guid":{"rendered":"https:\/\/www.madamevacances.com\/blog\/?p=67"},"modified":"2020-09-30T17:44:47","modified_gmt":"2020-09-30T15:44:47","slug":"fete-de-musique","status":"publish","type":"post","link":"https:\/\/www.madamevacances.com\/blog\/fete-de-musique\/","title":{"rendered":"F\u00eate de la Musique"},"content":{"rendered":"<p class=\"p1\"><span class=\"s1\">Dans deux semaines maintenant, c\u2019est le d\u00e9but de l\u2019\u00e9t\u00e9. Pour cet \u00e9v\u00e9nement qui c\u00e9l\u00e8bre le premier jour de l\u2019\u00e9t\u00e9, toutes les villes de France mettent \u00e0 l\u2019honneur la musique. L\u2019occasion de d\u00e9couvrir gratuitement des artistes, des groupes plus ou moins connus et seulement amoureux de la musique.<\/span><\/p>\n<p class=\"p1\"><span class=\"s1\">Initi\u00e9 en 1982 \u00e0 Paris par le ministre de la Culture, cette f\u00eate est aujourd\u2019hui pr\u00e9sente partout en France, et m\u00eame au-del\u00e0 des fronti\u00e8res.<\/span><\/p>\n<p class=\"p1\"><span class=\"s1\">En France c\u2019est un moment sp\u00e9cial o\u00f9 les gens n\u2019h\u00e9sitent pas \u00e0 descendre dans la rue pour \u00e9couter les artistes,<span class=\"Apple-converted-space\">\u00a0 <\/span>tant\u00f4t dans un parc, tant\u00f4t dans un pub ou sur une sc\u00e8ne. <\/span><\/p>\n<p class=\"p1\"><span class=\"s1\">A Chamb\u00e9ry, la ville de Madame Vacances rien n\u2019est diff\u00e9rent c\u2019est pourquoi nous avons voulu c\u00e9l\u00e9brer l\u2019\u00e9v\u00e9nement en demandant \u00e0 3 membres de l\u2019\u00e9quipe, quels \u00e9tait leur projet pour cette soir\u00e9e.<\/span><\/p>\n<p class=\"p1\"><img decoding=\"async\" loading=\"lazy\" class=\"size-full wp-image-69 aligncenter\" src=\"https:\/\/www.madamevacances.com\/blog\/wp-content\/uploads\/2016\/06\/MV_Blog_FeteMusique_960x320.jpg\" alt=\"Fete de la Musique - Madame Vacances\" width=\"960\" height=\"320\" srcset=\"https:\/\/www.madamevacances.com\/blog\/wp-content\/uploads\/2016\/06\/MV_Blog_FeteMusique_960x320.jpg 960w, https:\/\/www.madamevacances.com\/blog\/wp-content\/uploads\/2016\/06\/MV_Blog_FeteMusique_960x320-300x100.jpg 300w, https:\/\/www.madamevacances.com\/blog\/wp-content\/uploads\/2016\/06\/MV_Blog_FeteMusique_960x320-768x256.jpg 768w\" sizes=\"(max-width: 1920px) 92vw, (max-width: 1920px) 450px, (max-width: 1200px) 597px, 730px\" \/><\/p>\n<p class=\"p1\"><strong><span class=\"s1\">La f\u00eate de la musique vu par la team web Madame Vacances<\/span><\/strong><\/p>\n<p class=\"p3\"><em><span class=\"s1\">Cl\u00e9ment (Design project manager chez Madame Vacances) <\/span><\/em><\/p>\n<p class=\"p3\"><span class=\"s2\"><b>Team Web:<\/b> Comment \u00e9tait ta derni\u00e8re f\u00eate de la musique\u00a0? <\/span><\/p>\n<p class=\"p3\"><span class=\"s2\"><b>Cl\u00e9ment\u00a0:<\/b> J\u2019\u00e9tais avec des amis \u00e0 Bordeaux, on a commenc\u00e9 la soir\u00e9e par un petit after-work juste pour boire un ou deux verres le long des Quais des Chartrons. Le temps \u00e9tait id\u00e9al pour \u00e9couter des groupes inconnus mais avec de la bonne musique.<\/span><\/p>\n<p class=\"p3\"><span class=\"s2\"><b>TW\u00a0:<\/b> La f\u00eate de la musique pour toi c\u2019est\u2026.<\/span><\/p>\n<p class=\"p3\"><span class=\"s2\"><strong>Cl\u00e9ment\u00a0:<\/strong> Pour moi, \u00e7a signifie toujours un bon moment, c\u2019est le d\u00e9but de l\u2019\u00e9t\u00e9, on retrouve les potes et puis c\u2019est toujours sympa de retrouver la rue anim\u00e9e.<\/span><\/p>\n<p class=\"p3\"><span class=\"s2\"><b>TW\u00a0:<\/b> c\u2019est quoi ton programme pour la prochaine f\u00eate de la musique\u00a0? <\/span><\/p>\n<p class=\"p3\"><span class=\"s2\"><b>Cl\u00e9ment\u00a0:<\/b> Ca va \u00eatre ma premi\u00e8re f\u00eate de la musique \u00e0 Chamb\u00e9ry donc je ne sais pas trop \u00e0 quoi m\u2019attendre, mais je suis s\u00fbr que \u00e7a va \u00eatre bien.<span class=\"Apple-converted-space\">\u00a0 <\/span>Je vais regarder s\u2019il ne se passe rien dans les stations de ski aux alentours, on ne sait jamais \u00e7a pourrait vraiment \u00eatre sympa.<\/span><\/p>\n<p class=\"p1\"><img decoding=\"async\" loading=\"lazy\" class=\"aligncenter size-full wp-image-70\" src=\"https:\/\/www.madamevacances.com\/blog\/wp-content\/uploads\/2016\/06\/MV_Body_FeteMusique_960x320_02.jpg\" alt=\"Fete de la Musique - Madame Vacances\" width=\"960\" height=\"320\" srcset=\"https:\/\/www.madamevacances.com\/blog\/wp-content\/uploads\/2016\/06\/MV_Body_FeteMusique_960x320_02.jpg 960w, https:\/\/www.madamevacances.com\/blog\/wp-content\/uploads\/2016\/06\/MV_Body_FeteMusique_960x320_02-300x100.jpg 300w, https:\/\/www.madamevacances.com\/blog\/wp-content\/uploads\/2016\/06\/MV_Body_FeteMusique_960x320_02-768x256.jpg 768w\" sizes=\"(max-width: 1920px) 92vw, (max-width: 1920px) 450px, (max-width: 1200px) 597px, 730px\" \/><\/p>\n<p class=\"p1\"><em><span class=\"s1\">Bianca (Chef projet digital chez Madame Vacances) <\/span><\/em><\/p>\n<p class=\"p1\"><span class=\"s2\"><b>TW: <\/b>Comment \u00e9tait ta derni\u00e8re f\u00eate de la musique\u00a0?<\/span><\/p>\n<p class=\"p1\"><span class=\"s2\"><b>Bianca\u00a0:<\/b> J\u2019\u00e9tais \u00e0 Annecy l\u2019an dernier on est all\u00e9 faire la tourn\u00e9e des bars en ville pour \u00e9couter les groupes de musique. C\u2019\u00e9tait vraiment sympa car c\u2019\u00e9tait l\u2019occasion de rencontrer des gens et de boire quelques bi\u00e8res au soleil.<\/span><\/p>\n<p class=\"p1\"><span class=\"s2\"><b>TW\u00a0:<\/b> La f\u00eate de la musique pour toi c\u2019est\u2026.<\/span><\/p>\n<p class=\"p1\"><span class=\"s2\"><b>Bianca\u00a0:<\/b> Pour moi c\u2019est l\u2019opportunit\u00e9 de faire la f\u00eate tout en rencontrant des nouvelles personnes.<\/span><\/p>\n<p class=\"p1\"><span class=\"s2\"><b>TW\u00a0:<\/b> c\u2019est quoi ton programme pour la prochaine f\u00eate de la musique\u00a0? <\/span><\/p>\n<p class=\"p1\"><span class=\"s2\"><b>Bianca\u00a0: <\/b>Alors cette ann\u00e9e\u2026, Je dois aller \u00e0 Marseille, l<\/span><span class=\"s1\">a programmation est dingue. J\u2019aime aussi d\u00e9couvrir de nouveaux groupes<\/span><span class=\"s2\">. Je pense qu\u2019il n&#8217;y a rien de mieux qu\u2019\u00e9couter de la bonne musique les pieds dans l\u2019eau.<\/span><\/p>\n<p class=\"p1\"><img decoding=\"async\" loading=\"lazy\" class=\"aligncenter size-full wp-image-71\" src=\"https:\/\/www.madamevacances.com\/blog\/wp-content\/uploads\/2016\/06\/MV_Body_FeteMusique_960x320_01.jpg\" alt=\"Fete de la Musique - Madame Vacances\" width=\"960\" height=\"320\" srcset=\"https:\/\/www.madamevacances.com\/blog\/wp-content\/uploads\/2016\/06\/MV_Body_FeteMusique_960x320_01.jpg 960w, https:\/\/www.madamevacances.com\/blog\/wp-content\/uploads\/2016\/06\/MV_Body_FeteMusique_960x320_01-300x100.jpg 300w, https:\/\/www.madamevacances.com\/blog\/wp-content\/uploads\/2016\/06\/MV_Body_FeteMusique_960x320_01-768x256.jpg 768w\" sizes=\"(max-width: 1920px) 92vw, (max-width: 1920px) 450px, (max-width: 1200px) 597px, 730px\" \/><\/p>\n<p class=\"p1\"><em><span class=\"s1\">Bastien (Web \u00e9ditorialiste)<\/span><\/em><\/p>\n<p class=\"p1\"><span class=\"s2\"><b>TW: <\/b>Comment \u00e9tait ta derni\u00e8re f\u00eate de la musique\u00a0?<\/span><\/p>\n<p class=\"p1\"><span class=\"s2\"><b>Bastien\u00a0:<\/b> C\u2019\u00e9tait probablement une des meilleures. J\u2019\u00e9tais \u00e0 S\u00e8te une petite ville\u00a0<\/span><span class=\"s1\">entre<\/span><span class=\"s2\"> Agde et Montpellier. On s\u2019est retrouv\u00e9 l\u00e0-bas avec des amis de la fac et l\u2019ambiance \u00e9tait vraiment g\u00e9niale, il y avait de la musique partout et de pleins de styles diff\u00e9rents. La ville \u00e9tant au bord de la m\u00e9diterran\u00e9e on a finis la soir\u00e9e en \u00e9coutant un groupe de rock sur la plage. <\/span><\/p>\n<p class=\"p1\"><span class=\"s2\"><b>TW\u00a0:<\/b> La f\u00eate de la musique pour toi c\u2019est\u2026.<\/span><\/p>\n<p class=\"p1\"><span class=\"s2\"><b>Bastien\u00a0:<\/b> Pour moi c\u2019est toujours une date sp\u00e9ciale car c\u2019est le moment qu\u2019on a choisi mes amis et moi pour se retrouver, car maintenant on est un peu \u00e9parpill\u00e9s dans toute la France. <\/span><\/p>\n<p class=\"p1\"><span class=\"s2\"><b>TW\u00a0:<\/b> c\u2019est quoi ton programme pour la prochaine f\u00eate de la musique\u00a0? <\/span><\/p>\n<p class=\"p1\"><span class=\"s2\"><b>Bastien\u00a0:<\/b> Cette ann\u00e9e on va \u00eatre dans la capitale des Alpes \u00e0 Grenoble. J\u2019esp\u00e8re qu\u2019il fera beau pour pouvoir profiter \u00e0 fond de la soir\u00e9e.<\/span><\/p>\n","protected":false},"excerpt":{"rendered":"<p>Dans deux semaines maintenant, c\u2019est le d\u00e9but de l\u2019\u00e9t\u00e9. Pour cet \u00e9v\u00e9nement qui c\u00e9l\u00e8bre le premier jour de l\u2019\u00e9t\u00e9, toutes les villes de France mettent \u00e0 l\u2019honneur la musique. L\u2019occasion de d\u00e9couvrir gratuitement des artistes, des groupes plus ou moins connus et seulement amoureux de la musique. Initi\u00e9 en 1982 \u00e0 Paris par le ministre &hellip; <\/p>\n<p class=\"link-more\"><a href=\"https:\/\/www.madamevacances.com\/blog\/fete-de-musique\/\" class=\"more-link\">Continuer la lecture<span class=\"screen-reader-text\"> de &laquo;&nbsp;F\u00eate de la Musique&nbsp;&raquo;<\/span><\/a><\/p>\n","protected":false},"author":7,"featured_media":68,"comment_status":"open","ping_status":"open","sticky":false,"template":"","format":"standard","meta":{"_monsterinsights_skip_tracking":false,"_monsterinsights_sitenote_active":false,"_monsterinsights_sitenote_note":"","_monsterinsights_sitenote_category":0,"_links_to":"","_links_to_target":""},"categories":[169,181],"tags":[244,223,228,237,441,440,7,439],"_links":{"self":[{"href":"https:\/\/www.madamevacances.com\/blog\/wp-json\/wp\/v2\/posts\/67"}],"collection":[{"href":"https:\/\/www.madamevacances.com\/blog\/wp-json\/wp\/v2\/posts"}],"about":[{"href":"https:\/\/www.madamevacances.com\/blog\/wp-json\/wp\/v2\/types\/post"}],"author":[{"embeddable":true,"href":"https:\/\/www.madamevacances.com\/blog\/wp-json\/wp\/v2\/users\/7"}],"replies":[{"embeddable":true,"href":"https:\/\/www.madamevacances.com\/blog\/wp-json\/wp\/v2\/comments?post=67"}],"version-history":[{"count":3,"href":"https:\/\/www.madamevacances.com\/blog\/wp-json\/wp\/v2\/posts\/67\/revisions"}],"predecessor-version":[{"id":4797,"href":"https:\/\/www.madamevacances.com\/blog\/wp-json\/wp\/v2\/posts\/67\/revisions\/4797"}],"wp:featuredmedia":[{"embeddable":true,"href":"https:\/\/www.madamevacances.com\/blog\/wp-json\/wp\/v2\/media\/68"}],"wp:attachment":[{"href":"https:\/\/www.madamevacances.com\/blog\/wp-json\/wp\/v2\/media?parent=67"}],"wp:term":[{"taxonomy":"category","embeddable":true,"href":"https:\/\/www.madamevacances.com\/blog\/wp-json\/wp\/v2\/categories?post=67"},{"taxonomy":"post_tag","embeddable":true,"href":"https:\/\/www.madamevacances.com\/blog\/wp-json\/wp\/v2\/tags?post=67"}],"curies":[{"name":"wp","href":"https:\/\/api.w.org\/{rel}","templated":true}]}}